{"id":740,"date":"2014-05-24T18:57:19","date_gmt":"2014-05-24T16:57:19","guid":{"rendered":"http:\/\/westwaerts-jakobsweg.at\/?p=740"},"modified":"2017-03-06T20:32:21","modified_gmt":"2017-03-06T18:32:21","slug":"tag-19-2","status":"publish","type":"post","link":"http:\/\/westwaerts-jakobsweg.at\/?p=740","title":{"rendered":"Tag 19"},"content":{"rendered":"<p>Deva &#8211; Avil\u00e9s 33,4km (518,6km)<\/p>\n<p>Bissi mehr als die H\u00e4lfte ist geschafft.<br \/>\nZu Beginn recht herzlichen Dank f\u00fcr die lieben Gl\u00fcckw\u00fcnsche :-).<br \/>\nHab heut schon ein Geburtstagsst\u00e4ndchen und ein Bl\u00fcmchen bekommen. Uuuuuund, das Geschenk vom Himmel, kein Regen, immer wieder kommt die Sonne vorbei.<br \/>\nMit dem Tratschen waren wir schnell in Gij\u00f3n, eine Stadt mit einem der sch\u00f6nsten Stadtstr\u00e4nde Spaniens.<br \/>\nEntlang der Strandpromenade Richtung Altstadt. Mit &#8222;unseren Belgiern&#8220; das letzte mal Kaffee getrunken. Sie fahren heute mit dem Bus zur\u00fcck nach Santander und fliegen morgen nach Hause.<br \/>\nAlso Verabschiedung, heul, heul und Ultreia.<br \/>\nSch\u00f6ne Muschelmarkierungen leiten uns aus der Stadt, die uns endlos lange vorkommt.<br \/>\nSteil ging&#8217;s wieder bergauf, dann sch\u00f6ner Wanderweg bis Trabaza. Ab da war absolut nix mehr sch\u00f6n.<br \/>\nAuf Asphalt entlang einer Bundesstra\u00dfe im Industriegebiet, durch D\u00f6rfer die sich zogen wie ein Strudelteig. Die Fu\u00dfsohlen gl\u00fchten.<br \/>\nDie grauenhafte, dreckige Vorstadt von Avil\u00e9s erreicht. Von der Stadt selber wissen wir nur, dass im Vorjahr, in der Herberge, viele von Wanzen gestochen wurden.<br \/>\nEigentlich war klar, dort schlafen wir nicht und doch haben wir da eingecheckt :-).<br \/>\nWir standen zuf\u00e4llig davor, der Herbergen-Besitzer deutet uns zu kommen, er erkannte sofort unsere Bedenken und zeigte uns ein Zertifikat vom Gesundheitsamt. Alles sei renoviert, die Matratzen erneuert, also hinein mit uns.<br \/>\nEs war alles richtig, wir haben lauter bekannte Gesichter entdeckt, die Hysterie ist abgeklungen.<br \/>\nSch\u00f6nen Samstagabend w\u00fcnschen O + R<\/p>\n<figure style=\"width: 300px\" class=\"wp-caption alignnone\"><a href=\"http:\/\/westwaerts-jakobsweg.at\/wp-content\/uploads\/2014\/05\/20140524-185633.jpg\"><img loading=\"lazy\" decoding=\"async\" src=\"http:\/\/westwaerts-jakobsweg.at\/wp-content\/uploads\/2014\/05\/20140524-185633.jpg\" alt=\"20140524-185633.jpg\" width=\"300\" height=\"225\" \/><\/a><figcaption class=\"wp-caption-text\">Gij\u00f3n mit der Universit\u00e4t<\/figcaption><\/figure>\n<figure style=\"width: 225px\" class=\"wp-caption alignnone\"><a href=\"http:\/\/westwaerts-jakobsweg.at\/wp-content\/uploads\/2014\/05\/20140524-185708.jpg\"><img loading=\"lazy\" decoding=\"async\" src=\"http:\/\/westwaerts-jakobsweg.at\/wp-content\/uploads\/2014\/05\/20140524-185708.jpg\" alt=\"20140524-185708.jpg\" width=\"225\" height=\"300\" \/><\/a><figcaption class=\"wp-caption-text\">Herberge in Avil\u00e9s<\/figcaption><\/figure>\n","protected":false},"excerpt":{"rendered":"<p>Deva &#8211; Avil\u00e9s 33,4km (518,6km) Bissi mehr als die H\u00e4lfte ist geschafft. Zu Beginn recht herzlichen Dank f\u00fcr die lieben Gl\u00fcckw\u00fcnsche :-). Hab heut schon ein Geburtstagsst\u00e4ndchen und ein Bl\u00fcmchen bekommen. Uuuuuund, das Geschenk vom Himmel, kein Regen, immer wieder kommt die Sonne vorbei. Mit dem Tratschen waren wir schnell in Gij\u00f3n, eine Stadt mit einem der sch\u00f6nsten Stadtstr\u00e4nde Spaniens. Entlang der Strandpromenade Richtung Altstadt. Mit &#8222;unseren Belgiern&#8220; das letzte mal Kaffee getrunken. Sie fahren heute mit dem Bus zur\u00fcck&#8230;<\/p>\n<p class=\"read-more\"><a class=\"btn btn-default\" href=\"http:\/\/westwaerts-jakobsweg.at\/?p=740\">Weiterlesen<span class=\"screen-reader-text\"> Weiterlesen<\/span><\/a><\/p>\n","protected":false},"author":1,"featured_media":0,"comment_status":"open","ping_status":"open","sticky":false,"template":"","format":"standard","meta":{"footnotes":""},"categories":[5,16],"tags":[],"_links":{"self":[{"href":"http:\/\/westwaerts-jakobsweg.at\/index.php?rest_route=\/wp\/v2\/posts\/740"}],"collection":[{"href":"http:\/\/westwaerts-jakobsweg.at\/index.php?rest_route=\/wp\/v2\/posts"}],"about":[{"href":"http:\/\/westwaerts-jakobsweg.at\/index.php?rest_route=\/wp\/v2\/types\/post"}],"author":[{"embeddable":true,"href":"http:\/\/westwaerts-jakobsweg.at\/index.php?rest_route=\/wp\/v2\/users\/1"}],"replies":[{"embeddable":true,"href":"http:\/\/westwaerts-jakobsweg.at\/index.php?rest_route=%2Fwp%2Fv2%2Fcomments&post=740"}],"version-history":[{"count":0,"href":"http:\/\/westwaerts-jakobsweg.at\/index.php?rest_route=\/wp\/v2\/posts\/740\/revisions"}],"wp:attachment":[{"href":"http:\/\/westwaerts-jakobsweg.at\/index.php?rest_route=%2Fwp%2Fv2%2Fmedia&parent=740"}],"wp:term":[{"taxonomy":"category","embeddable":true,"href":"http:\/\/westwaerts-jakobsweg.at\/index.php?rest_route=%2Fwp%2Fv2%2Fcategories&post=740"},{"taxonomy":"post_tag","embeddable":true,"href":"http:\/\/westwaerts-jakobsweg.at\/index.php?rest_route=%2Fwp%2Fv2%2Ftags&post=740"}],"curies":[{"name":"wp","href":"https:\/\/api.w.org\/{rel}","templated":true}]}}