{"id":763,"date":"2014-05-28T17:34:46","date_gmt":"2014-05-28T15:34:46","guid":{"rendered":"http:\/\/westwaerts-jakobsweg.at\/?p=763"},"modified":"2017-02-15T11:28:38","modified_gmt":"2017-02-15T09:28:38","slug":"tag-23-2","status":"publish","type":"post","link":"http:\/\/westwaerts-jakobsweg.at\/?p=763","title":{"rendered":"Tag 23"},"content":{"rendered":"<p>Luarca &#8211; La Caridad 29,9km (633,6km)<\/p>\n<p>Ich dank dir liebe Rosa Maria, hoffe du hast ein paar sch\u00f6ne Tage, ohne Regen, in Regensburg :-).<\/p>\n<p>Bei uns bereits in der fr\u00fch arger Regen der tapfer bis mittags durchhielt.<br \/>\nWar nicht so \u00fcbel, so eingemummt ist man f\u00fcr sich und kann gut nachdenken.<br \/>\nAuf einer Anh\u00f6he konnte man sich verschiedene Ausblicke aussuchen, Autobahn, D\u00f6rfer, St\u00e4dte, K\u00fcste. Das Meer war heute schwarz wie der Himmel.<br \/>\nAb Navia wurde es deutlich w\u00e4rmer, der Weg f\u00fchrte uns gem\u00fctlich, haupts\u00e4chlich \u00fcber Wiesen, in unser Quartier.<br \/>\n&#8222;Mister Olivetti&#8220;, der sich t\u00e4glich von uns verabschiedet und uns jedesmal erkl\u00e4rt er k\u00f6nne nicht mehr so viele Kilometer gehen, ist auch wieder einmarschiert :-).<br \/>\nMehr gibt es heut nicht zu berichten, werden jetzt eine Entdeckungstour machen.<br \/>\nBis morgen O + R<\/p>\n<p><a href=\"http:\/\/westwaerts-jakobsweg.at\/wp-content\/uploads\/2014\/05\/20140528-173423.jpg\"><img decoding=\"async\" class=\"alignnone size-full\" src=\"http:\/\/westwaerts-jakobsweg.at\/wp-content\/uploads\/2014\/05\/20140528-173423.jpg\" alt=\"20140528-173423.jpg\" \/><\/a><\/p>\n<p><a href=\"http:\/\/westwaerts-jakobsweg.at\/wp-content\/uploads\/2014\/05\/20140528-173434.jpg\"><img decoding=\"async\" class=\"alignnone size-full\" src=\"http:\/\/westwaerts-jakobsweg.at\/wp-content\/uploads\/2014\/05\/20140528-173434.jpg\" alt=\"20140528-173434.jpg\" \/><\/a><\/p>\n","protected":false},"excerpt":{"rendered":"<p>Luarca &#8211; La Caridad 29,9km (633,6km) Ich dank dir liebe Rosa Maria, hoffe du hast ein paar sch\u00f6ne Tage, ohne Regen, in Regensburg :-). Bei uns bereits in der fr\u00fch arger Regen der tapfer bis mittags durchhielt. War nicht so \u00fcbel, so eingemummt ist man f\u00fcr sich und kann gut nachdenken. Auf einer Anh\u00f6he konnte man sich verschiedene Ausblicke aussuchen, Autobahn, D\u00f6rfer, St\u00e4dte, K\u00fcste. Das Meer war heute schwarz wie der Himmel. Ab Navia wurde es deutlich w\u00e4rmer, der Weg&#8230;<\/p>\n<p class=\"read-more\"><a class=\"btn btn-default\" href=\"http:\/\/westwaerts-jakobsweg.at\/?p=763\">Weiterlesen<span class=\"screen-reader-text\"> Weiterlesen<\/span><\/a><\/p>\n","protected":false},"author":1,"featured_media":0,"comment_status":"open","ping_status":"open","sticky":false,"template":"","format":"standard","meta":{"footnotes":""},"categories":[5,16],"tags":[],"_links":{"self":[{"href":"http:\/\/westwaerts-jakobsweg.at\/index.php?rest_route=\/wp\/v2\/posts\/763"}],"collection":[{"href":"http:\/\/westwaerts-jakobsweg.at\/index.php?rest_route=\/wp\/v2\/posts"}],"about":[{"href":"http:\/\/westwaerts-jakobsweg.at\/index.php?rest_route=\/wp\/v2\/types\/post"}],"author":[{"embeddable":true,"href":"http:\/\/westwaerts-jakobsweg.at\/index.php?rest_route=\/wp\/v2\/users\/1"}],"replies":[{"embeddable":true,"href":"http:\/\/westwaerts-jakobsweg.at\/index.php?rest_route=%2Fwp%2Fv2%2Fcomments&post=763"}],"version-history":[{"count":0,"href":"http:\/\/westwaerts-jakobsweg.at\/index.php?rest_route=\/wp\/v2\/posts\/763\/revisions"}],"wp:attachment":[{"href":"http:\/\/westwaerts-jakobsweg.at\/index.php?rest_route=%2Fwp%2Fv2%2Fmedia&parent=763"}],"wp:term":[{"taxonomy":"category","embeddable":true,"href":"http:\/\/westwaerts-jakobsweg.at\/index.php?rest_route=%2Fwp%2Fv2%2Fcategories&post=763"},{"taxonomy":"post_tag","embeddable":true,"href":"http:\/\/westwaerts-jakobsweg.at\/index.php?rest_route=%2Fwp%2Fv2%2Ftags&post=763"}],"curies":[{"name":"wp","href":"https:\/\/api.w.org\/{rel}","templated":true}]}}