{"id":9177,"date":"2018-04-22T17:16:02","date_gmt":"2018-04-22T15:16:02","guid":{"rendered":"http:\/\/westwaerts-jakobsweg.at\/?p=9177"},"modified":"2018-06-10T17:35:02","modified_gmt":"2018-06-10T15:35:02","slug":"tag-3-9","status":"publish","type":"post","link":"http:\/\/westwaerts-jakobsweg.at\/?p=9177","title":{"rendered":"Tag 3"},"content":{"rendered":"<p>St-Gilles-du-Gard &#8211; Vauvert 18.9km (41.4km)<\/p>\n<p>Nach einem guten Fr\u00fchst\u00fcck, dann die Verabschiedung von Janine der netten G\u00eete-Besitzerin, starteten wir als letzte aus unserer Unterkunft.<br \/>\nDie Stadt ist doch recht gro\u00df kamen wir beim Verlaufen drauf, man kann auch sagen \u201ewir hom nur gschaut\u201c &#x1f61c;. Eine nette Frau st\u00fcrmte aus einem Kaffee und zeigte uns den richtigen Weg. Naja, nicht tragisch, machen heut eh nur einen Sonntagsparziergang.<br \/>\nUngef\u00e4hr 5km ging es, soweit das Auge reichte, durch riesige Obstplantagen und Weing\u00e4rten, mittendrin gabs eine Schaffarm. Anschlie\u00dfend f\u00fchrte uns ein Wanderweg schnurgerade entlang eines Kanals ohne Schatten aber f\u00fcr unsere Pause haben wir dann doch einen Baum gefunden. Pl\u00f6tzlich rief jemand Otto, haha lustig. Zwei junge Wienerinnen wurden von &#8222;unseren&#8220; Franzosen auf Landsleute vorgewarnt &#x1f917;. Das war echt eine \u00dcberraschung und wurde eine nette Plauderei. Die beiden starteten mit einer H\u00fcndin in Toulouse und wollen noch bis Nizza.<br \/>\nDer letzte Abschnitt war ein wundersch\u00f6ner, h\u00fcgeliger Wanderweg, wieder durch gewaltige Obstplantagen und Weing\u00e4rten.<br \/>\nSchlafen heute in einer umgebauten Pferdekoppel, davor ist ein Garten wo ich grad im Liegestuhl liege und den Bericht schreibe. Bekocht werden wir auch, das Pilgerleben kann schon recht fein sein &#x1f60b;.<br \/>\nEinen sch\u00f6nen Abend w\u00fcnschen O + R<\/p>\n<p>Unterkunft: G\u00eete Le Relais de P\u00e9lerins , M. Eric Nicolas<br \/>\n147 Avenue Jean Jaur\u00e8s<br \/>\nTel.: 06 23 75 39 93 od. 06 77 17 68 68<\/p>\n<figure id=\"attachment_9182\" aria-describedby=\"caption-attachment-9182\" style=\"width: 507px\" class=\"wp-caption alignnone\"><a href=\"http:\/\/westwaerts-jakobsweg.at\/wp-content\/uploads\/2018\/04\/65E0E4AB-AD6C-4DA4-881C-C60EFAE6485E.jpeg\"><img loading=\"lazy\" decoding=\"async\" class=\"wp-image-9182 size-large\" src=\"http:\/\/westwaerts-jakobsweg.at\/wp-content\/uploads\/2018\/04\/65E0E4AB-AD6C-4DA4-881C-C60EFAE6485E-507x760.jpeg\" alt=\"\" width=\"507\" height=\"760\" srcset=\"http:\/\/westwaerts-jakobsweg.at\/wp-content\/uploads\/2018\/04\/65E0E4AB-AD6C-4DA4-881C-C60EFAE6485E-507x760.jpeg 507w, http:\/\/westwaerts-jakobsweg.at\/wp-content\/uploads\/2018\/04\/65E0E4AB-AD6C-4DA4-881C-C60EFAE6485E-200x300.jpeg 200w, http:\/\/westwaerts-jakobsweg.at\/wp-content\/uploads\/2018\/04\/65E0E4AB-AD6C-4DA4-881C-C60EFAE6485E-180x270.jpeg 180w, http:\/\/westwaerts-jakobsweg.at\/wp-content\/uploads\/2018\/04\/65E0E4AB-AD6C-4DA4-881C-C60EFAE6485E.jpeg 1024w\" sizes=\"(max-width: 507px) 100vw, 507px\" \/><\/a><figcaption id=\"caption-attachment-9182\" class=\"wp-caption-text\">Abteikirche, Saint-Gilles-du-Gard<\/figcaption><\/figure>\n<figure id=\"attachment_9181\" aria-describedby=\"caption-attachment-9181\" style=\"width: 640px\" class=\"wp-caption alignnone\"><a href=\"http:\/\/westwaerts-jakobsweg.at\/wp-content\/uploads\/2018\/04\/09C1AB7A-833E-43E7-9FC1-9841E32B56F7.jpeg\"><img loading=\"lazy\" decoding=\"async\" class=\"wp-image-9181 size-large\" src=\"http:\/\/westwaerts-jakobsweg.at\/wp-content\/uploads\/2018\/04\/09C1AB7A-833E-43E7-9FC1-9841E32B56F7-760x507.jpeg\" alt=\"\" width=\"640\" height=\"427\" srcset=\"http:\/\/westwaerts-jakobsweg.at\/wp-content\/uploads\/2018\/04\/09C1AB7A-833E-43E7-9FC1-9841E32B56F7-760x507.jpeg 760w, http:\/\/westwaerts-jakobsweg.at\/wp-content\/uploads\/2018\/04\/09C1AB7A-833E-43E7-9FC1-9841E32B56F7-300x200.jpeg 300w, http:\/\/westwaerts-jakobsweg.at\/wp-content\/uploads\/2018\/04\/09C1AB7A-833E-43E7-9FC1-9841E32B56F7-405x270.jpeg 405w, http:\/\/westwaerts-jakobsweg.at\/wp-content\/uploads\/2018\/04\/09C1AB7A-833E-43E7-9FC1-9841E32B56F7.jpeg 1536w\" sizes=\"(max-width: 640px) 100vw, 640px\" \/><\/a><figcaption id=\"caption-attachment-9181\" class=\"wp-caption-text\">am Weg nach Vauvert<\/figcaption><\/figure>\n<p><a href=\"http:\/\/westwaerts-jakobsweg.at\/wp-content\/uploads\/2018\/04\/845CC34B-B0B4-49D9-975B-2817DBDD6613.jpeg\"><img loading=\"lazy\" decoding=\"async\" class=\"alignnone wp-image-9183 size-large\" src=\"http:\/\/westwaerts-jakobsweg.at\/wp-content\/uploads\/2018\/04\/845CC34B-B0B4-49D9-975B-2817DBDD6613-760x507.jpeg\" alt=\"\" width=\"640\" height=\"427\" srcset=\"http:\/\/westwaerts-jakobsweg.at\/wp-content\/uploads\/2018\/04\/845CC34B-B0B4-49D9-975B-2817DBDD6613-760x507.jpeg 760w, http:\/\/westwaerts-jakobsweg.at\/wp-content\/uploads\/2018\/04\/845CC34B-B0B4-49D9-975B-2817DBDD6613-300x200.jpeg 300w, http:\/\/westwaerts-jakobsweg.at\/wp-content\/uploads\/2018\/04\/845CC34B-B0B4-49D9-975B-2817DBDD6613-405x270.jpeg 405w, http:\/\/westwaerts-jakobsweg.at\/wp-content\/uploads\/2018\/04\/845CC34B-B0B4-49D9-975B-2817DBDD6613.jpeg 1536w\" sizes=\"(max-width: 640px) 100vw, 640px\" \/><\/a> <a href=\"http:\/\/westwaerts-jakobsweg.at\/wp-content\/uploads\/2018\/04\/38188826-6565-4843-86B5-736087CA5188.jpeg\"><img loading=\"lazy\" decoding=\"async\" class=\"alignnone wp-image-9184 size-large\" src=\"http:\/\/westwaerts-jakobsweg.at\/wp-content\/uploads\/2018\/04\/38188826-6565-4843-86B5-736087CA5188-760x507.jpeg\" alt=\"\" width=\"640\" height=\"427\" srcset=\"http:\/\/westwaerts-jakobsweg.at\/wp-content\/uploads\/2018\/04\/38188826-6565-4843-86B5-736087CA5188-760x507.jpeg 760w, http:\/\/westwaerts-jakobsweg.at\/wp-content\/uploads\/2018\/04\/38188826-6565-4843-86B5-736087CA5188-300x200.jpeg 300w, http:\/\/westwaerts-jakobsweg.at\/wp-content\/uploads\/2018\/04\/38188826-6565-4843-86B5-736087CA5188-405x270.jpeg 405w, http:\/\/westwaerts-jakobsweg.at\/wp-content\/uploads\/2018\/04\/38188826-6565-4843-86B5-736087CA5188.jpeg 1536w\" sizes=\"(max-width: 640px) 100vw, 640px\" \/><\/a><\/p>\n<p><a href=\"http:\/\/westwaerts-jakobsweg.at\/wp-content\/uploads\/2018\/04\/D0BC839C-7236-4FF3-BB03-4A6E8793D5B8.jpeg\"><img loading=\"lazy\" decoding=\"async\" class=\"alignnone wp-image-9179 size-large\" src=\"http:\/\/westwaerts-jakobsweg.at\/wp-content\/uploads\/2018\/04\/D0BC839C-7236-4FF3-BB03-4A6E8793D5B8-760x570.jpeg\" alt=\"\" width=\"640\" height=\"480\" srcset=\"http:\/\/westwaerts-jakobsweg.at\/wp-content\/uploads\/2018\/04\/D0BC839C-7236-4FF3-BB03-4A6E8793D5B8-760x570.jpeg 760w, http:\/\/westwaerts-jakobsweg.at\/wp-content\/uploads\/2018\/04\/D0BC839C-7236-4FF3-BB03-4A6E8793D5B8-300x225.jpeg 300w, http:\/\/westwaerts-jakobsweg.at\/wp-content\/uploads\/2018\/04\/D0BC839C-7236-4FF3-BB03-4A6E8793D5B8-360x270.jpeg 360w, http:\/\/westwaerts-jakobsweg.at\/wp-content\/uploads\/2018\/04\/D0BC839C-7236-4FF3-BB03-4A6E8793D5B8.jpeg 1536w\" sizes=\"(max-width: 640px) 100vw, 640px\" \/><\/a><a href=\"http:\/\/westwaerts-jakobsweg.at\/wp-content\/uploads\/2018\/04\/3743DB5F-1EE6-4FB5-9761-D3465FA5F821.jpeg\"><img loading=\"lazy\" decoding=\"async\" class=\"alignnone wp-image-9180 size-large\" src=\"http:\/\/westwaerts-jakobsweg.at\/wp-content\/uploads\/2018\/04\/3743DB5F-1EE6-4FB5-9761-D3465FA5F821-760x507.jpeg\" alt=\"\" width=\"640\" height=\"427\" srcset=\"http:\/\/westwaerts-jakobsweg.at\/wp-content\/uploads\/2018\/04\/3743DB5F-1EE6-4FB5-9761-D3465FA5F821-760x507.jpeg 760w, http:\/\/westwaerts-jakobsweg.at\/wp-content\/uploads\/2018\/04\/3743DB5F-1EE6-4FB5-9761-D3465FA5F821-300x200.jpeg 300w, http:\/\/westwaerts-jakobsweg.at\/wp-content\/uploads\/2018\/04\/3743DB5F-1EE6-4FB5-9761-D3465FA5F821-405x270.jpeg 405w, http:\/\/westwaerts-jakobsweg.at\/wp-content\/uploads\/2018\/04\/3743DB5F-1EE6-4FB5-9761-D3465FA5F821.jpeg 1536w\" sizes=\"(max-width: 640px) 100vw, 640px\" \/><\/a><\/p>\n","protected":false},"excerpt":{"rendered":"<p>St-Gilles-du-Gard &#8211; Vauvert 18.9km (41.4km) Nach einem guten Fr\u00fchst\u00fcck, dann die Verabschiedung von Janine der netten G\u00eete-Besitzerin, starteten wir als letzte aus unserer Unterkunft. Die Stadt ist doch recht gro\u00df kamen wir beim Verlaufen drauf, man kann auch sagen \u201ewir hom nur gschaut\u201c &#x1f61c;. Eine nette Frau st\u00fcrmte aus einem Kaffee und zeigte uns den richtigen Weg. Naja, nicht tragisch, machen heut eh nur einen Sonntagsparziergang. Ungef\u00e4hr 5km ging es, soweit das Auge reichte, durch riesige Obstplantagen und Weing\u00e4rten, mittendrin&#8230;<\/p>\n<p class=\"read-more\"><a class=\"btn btn-default\" href=\"http:\/\/westwaerts-jakobsweg.at\/?p=9177\">Weiterlesen<span class=\"screen-reader-text\"> Weiterlesen<\/span><\/a><\/p>\n","protected":false},"author":1,"featured_media":10220,"comment_status":"open","ping_status":"open","sticky":false,"template":"","format":"standard","meta":{"footnotes":""},"categories":[23,24],"tags":[],"_links":{"self":[{"href":"http:\/\/westwaerts-jakobsweg.at\/index.php?rest_route=\/wp\/v2\/posts\/9177"}],"collection":[{"href":"http:\/\/westwaerts-jakobsweg.at\/index.php?rest_route=\/wp\/v2\/posts"}],"about":[{"href":"http:\/\/westwaerts-jakobsweg.at\/index.php?rest_route=\/wp\/v2\/types\/post"}],"author":[{"embeddable":true,"href":"http:\/\/westwaerts-jakobsweg.at\/index.php?rest_route=\/wp\/v2\/users\/1"}],"replies":[{"embeddable":true,"href":"http:\/\/westwaerts-jakobsweg.at\/index.php?rest_route=%2Fwp%2Fv2%2Fcomments&post=9177"}],"version-history":[{"count":0,"href":"http:\/\/westwaerts-jakobsweg.at\/index.php?rest_route=\/wp\/v2\/posts\/9177\/revisions"}],"wp:featuredmedia":[{"embeddable":true,"href":"http:\/\/westwaerts-jakobsweg.at\/index.php?rest_route=\/wp\/v2\/media\/10220"}],"wp:attachment":[{"href":"http:\/\/westwaerts-jakobsweg.at\/index.php?rest_route=%2Fwp%2Fv2%2Fmedia&parent=9177"}],"wp:term":[{"taxonomy":"category","embeddable":true,"href":"http:\/\/westwaerts-jakobsweg.at\/index.php?rest_route=%2Fwp%2Fv2%2Fcategories&post=9177"},{"taxonomy":"post_tag","embeddable":true,"href":"http:\/\/westwaerts-jakobsweg.at\/index.php?rest_route=%2Fwp%2Fv2%2Ftags&post=9177"}],"curies":[{"name":"wp","href":"https:\/\/api.w.org\/{rel}","templated":true}]}}